{"id":1382,"date":"2023-03-24T09:00:49","date_gmt":"2023-03-24T09:00:49","guid":{"rendered":"https:\/\/westmodernclinic.com\/?p=1382"},"modified":"2023-05-31T09:53:55","modified_gmt":"2023-05-31T09:53:55","slug":"cocuklarda-sac-dokulmesi","status":"publish","type":"post","link":"https:\/\/westmodernclinic.com\/tr\/cocuklarda-sac-dokulmesi\/","title":{"rendered":"\u00c7ocuklarda Sa\u00e7 D\u00f6k\u00fclmesi Nedenleri ve Tedavisi"},"content":{"rendered":"<p><strong>\u00c7ocuklarda sa\u00e7 d\u00f6k\u00fclmesi<\/strong> nadir g\u00f6r\u00fclen bir durum olarak bilinse de asl\u0131nda \u00f6yle de\u011fildir. Sa\u00e7 d\u00f6k\u00fclmesi ve kellik gibi durumlar yeti\u015fkinlerde s\u0131k g\u00f6r\u00fcl\u00fcr. Ancak baz\u0131 \u00e7ocuklarda b\u00f6lgesel sa\u00e7 d\u00f6k\u00fclmesi gibi sorunlar ya\u015fanabilir. Bu durum \u00f6zellikle 5 ya\u015f\u0131ndan sonra ba\u015fka hastal\u0131klar\u0131n da habercisi olabilir. Bu nedenle sa\u00e7 d\u00f6k\u00fclmesi problemi olan \u00e7ocuklar\u0131 ciddiye almakta fayda var.<\/p>\n<p>Baz\u0131 durumlarda sa\u00e7 d\u00f6k\u00fclmesi sorunu olan \u00e7ocuklarda sadece lokal olarak g\u00f6r\u00fclebilece\u011fi gibi bazen de yo\u011fun bir \u015fekilde ortaya \u00e7\u0131kabilmektedir. T\u0131bbi ad\u0131 \u201calopesi\u201d olan bu sorun, \u00e7e\u015fitli hastal\u0131klara ba\u011fl\u0131 olarak ortaya \u00e7\u0131km\u0131\u015f olabilir. Bunun i\u00e7in sa\u00e7 d\u00f6k\u00fclmesi sorununu kapsaml\u0131 bir \u015fekilde ara\u015ft\u0131rmak ve nedenlerini ke\u015ffetmek \u00f6nemlidir.<\/p>\n<p><img loading=\"lazy\" decoding=\"async\" class=\"aligncenter size-full wp-image-1342\" src=\"https:\/\/westmodernclinic.com\/wp-content\/uploads\/2023\/03\/children-with-hairloss-2-scaled.jpg\" alt=\"children-with-hairloss\" width=\"2560\" height=\"1765\" srcset=\"https:\/\/westmodernclinic.com\/wp-content\/uploads\/2023\/03\/children-with-hairloss-2-scaled.jpg 2560w, https:\/\/westmodernclinic.com\/wp-content\/uploads\/2023\/03\/children-with-hairloss-2-300x207.jpg 300w, https:\/\/westmodernclinic.com\/wp-content\/uploads\/2023\/03\/children-with-hairloss-2-1024x706.jpg 1024w, https:\/\/westmodernclinic.com\/wp-content\/uploads\/2023\/03\/children-with-hairloss-2-768x530.jpg 768w, https:\/\/westmodernclinic.com\/wp-content\/uploads\/2023\/03\/children-with-hairloss-2-1536x1059.jpg 1536w, https:\/\/westmodernclinic.com\/wp-content\/uploads\/2023\/03\/children-with-hairloss-2-2048x1412.jpg 2048w\" sizes=\"auto, (max-width: 2560px) 100vw, 2560px\" \/><\/p>\n<h2 id=\"tw-target-text\" class=\"tw-data-text tw-text-large tw-ta\" dir=\"ltr\" data-placeholder=\"\u00c7eviri\"><span class=\"Y2IQFc\" lang=\"tr\">\u00c7ocuklarda Sa\u00e7 D\u00f6k\u00fclmesi: \u00c7ocuklarda Sa\u00e7 D\u00f6k\u00fclmesinin Nedenleri<\/span><\/h2>\n<p>\u00c7ocuklarda hem psikolojik hem de fizyolojik fakt\u00f6rler sa\u00e7 d\u00f6k\u00fclmesine neden olabilir. Sa\u00e7 d\u00f6k\u00fclmesi \u015fikayeti olan \u00e7ocuklar\u0131n incelemeleri kapsam\u0131na bak\u0131ld\u0131\u011f\u0131nda, sa\u00e7 d\u00f6k\u00fclmesi sorununa genellikle enfeksiyon gibi sorunlar nedeniyle rastland\u0131\u011f\u0131 bilinmektedir. Ayn\u0131 \u015fekilde vitamin ve mineral eksikli\u011fi de sa\u00e7 d\u00f6k\u00fclmesine neden olan bir di\u011fer \u00f6nemli fakt\u00f6rd\u00fcr.<\/p>\n<p>WestModern Clinic&#8217;te \u00e7ocuklarda da g\u00f6r\u00fclebilen sa\u00e7 d\u00f6k\u00fclmesi sorununu tedavi edebiliyoruz. Ama \u00f6nce hangi durumlar\u0131n sa\u00e7 d\u00f6k\u00fclmesinin ba\u015fl\u0131ca sebepleri aras\u0131nda yer ald\u0131\u011f\u0131na bir g\u00f6z atal\u0131m.<\/p>\n<h3><span style=\"font-weight: 400;\">1- <\/span><span class=\"Y2IQFc\" lang=\"tr\">Sa\u00e7 D\u00f6k\u00fclmesi Olan \u00c7ocuklar: Sa\u00e7 Mantar\u0131<\/span><\/h3>\n<p>Sa\u00e7 mantar\u0131 hem \u00e7ocuklarda hem de yeti\u015fkinlerde g\u00f6r\u00fclebilen bir durumdur. Derideki k\u0131zar\u0131kl\u0131k, kafa derisindeki mantar enfeksiyonundan kaynaklan\u0131r. Ayr\u0131ca mantar enfeksiyonu, ka\u015f\u0131nt\u0131 ve k\u0131zar\u0131kl\u0131k gibi durumlara da yol a\u00e7abilmektedir. T\u00fcm bu belirtiler sonucunda enfeksiyonlu b\u00f6lgede epilasyon sorunu ile kar\u015f\u0131la\u015fmak m\u00fcmk\u00fcnd\u00fcr.<\/p>\n<p>Sa\u00e7 mantar\u0131n\u0131n bula\u015f\u0131c\u0131 bir durum oldu\u011funu bilmek \u00f6nemlidir. Sa\u00e7\u0131nda mantar enfeksiyonu olan biriyle yak\u0131n temasta bulunmak veya tarak, sa\u00e7 tokas\u0131 gibi e\u015fyalar\u0131 payla\u015fmak bula\u015fmaya neden olur.<\/p>\n<h3><span style=\"font-weight: 400;\">2- <\/span><span class=\"Y2IQFc\" lang=\"tr\">Bakteriyel Enfeksiyon Hastal\u0131klar\u0131<\/span><\/h3>\n<p>Bakteriyel enfeksiyonlar ani sa\u00e7 d\u00f6k\u00fclmesinin sebepleri aras\u0131ndad\u0131r. V\u00fccuda yara veya solunum yolu yoluyla giren baz\u0131 bakteriler sa\u00e7 d\u00f6k\u00fclmesine neden olabilir. Bu \u00f6zellikle \u00e7ocuklarda yayg\u0131n bir hastal\u0131\u011fa d\u00f6n\u00fc\u015febilir. \u00c7ocu\u011funuzda sa\u00e7 d\u00f6k\u00fclmesi sorunu varsa vakit kaybetmeden bir uzmana ba\u015fvurman\u0131z \u00f6nerilir.<\/p>\n<p>WestModern Clinic olarak \u00e7ocuklarda sa\u00e7 d\u00f6k\u00fclmesine y\u00f6nelik tedavi imkanlar\u0131 da sa\u011fl\u0131yoruz. Te\u015fhis ve tedavi s\u00fcrecinde uzman hekimlerimiz ile elimizden gelenin en iyisini yap\u0131yoruz.<\/p>\n<p><img loading=\"lazy\" decoding=\"async\" class=\"aligncenter size-full wp-image-1344\" src=\"https:\/\/westmodernclinic.com\/wp-content\/uploads\/2023\/03\/children-with-hairloss-scaled.jpg\" alt=\"children-with-hairloss\" width=\"2560\" height=\"1707\" srcset=\"https:\/\/westmodernclinic.com\/wp-content\/uploads\/2023\/03\/children-with-hairloss-scaled.jpg 2560w, https:\/\/westmodernclinic.com\/wp-content\/uploads\/2023\/03\/children-with-hairloss-300x200.jpg 300w, https:\/\/westmodernclinic.com\/wp-content\/uploads\/2023\/03\/children-with-hairloss-1024x683.jpg 1024w, https:\/\/westmodernclinic.com\/wp-content\/uploads\/2023\/03\/children-with-hairloss-768x512.jpg 768w, https:\/\/westmodernclinic.com\/wp-content\/uploads\/2023\/03\/children-with-hairloss-1536x1024.jpg 1536w, https:\/\/westmodernclinic.com\/wp-content\/uploads\/2023\/03\/children-with-hairloss-2048x1365.jpg 2048w\" sizes=\"auto, (max-width: 2560px) 100vw, 2560px\" \/><\/p>\n<h3><span style=\"font-weight: 400;\">3- <\/span><span class=\"Y2IQFc\" lang=\"tr\">Alopesi Areata<\/span><\/h3>\n<p>Alopesi areata hem yeti\u015fkinlerde hem de \u00e7ocuklarda g\u00f6r\u00fclen hastal\u0131klardan biridir. Do\u011frudan sa\u00e7 d\u00f6k\u00fclmesi semptomu ile ortaya \u00e7\u0131kan bu hastal\u0131kta genellikle psikolojik fakt\u00f6rler s\u00f6z konusudur. Sa\u00e7, sakal veya kirpik d\u00f6k\u00fclmesine de neden olan bu hastal\u0131k i\u00e7in belirli tedaviler mevcuttur. Genellikle b\u00f6lgesel sa\u00e7 d\u00f6k\u00fclmesi olarak g\u00f6r\u00fclen alopesi areata, uygun tedavi uyguland\u0131\u011f\u0131nda tamamen iyile\u015febilir.<\/p>\n<h3><span style=\"font-weight: 400;\">4- <\/span><span class=\"Y2IQFc\" lang=\"tr\">Yetersiz ve Sa\u011fl\u0131ks\u0131z Beslenme Nedeniyle Sa\u00e7 D\u00f6k\u00fclmesi<\/span><\/h3>\n<p>Beslenme tarz\u0131 da sa\u00e7 d\u00f6k\u00fclmesi olan \u00e7ocuklar\u0131n ortaya \u00e7\u0131kmas\u0131nda rol oynayabilir. Sa\u00e7 d\u00f6k\u00fclmesi tedavisi g\u00f6ren \u00e7ocuklar olarak, hali haz\u0131rda bu hastal\u0131ktan mustarip olan \u00e7ocuklara sa\u011fl\u0131kl\u0131 beslenme tarz\u0131 \u00f6nerilmektedir. Vitamin ve mineral eksiklikleri sa\u00e7 d\u00f6k\u00fclmesine neden olan ana fakt\u00f6rler aras\u0131ndad\u0131r. Bu nedenle \u00f6zellikle \u00e7inko ve demir eksikli\u011fi gibi durumlar\u0131n olup olmad\u0131\u011f\u0131n\u0131 anlamak \u00f6nemlidir. Sa\u00e7 d\u00f6k\u00fclmesi problemi olan \u00e7ocukta vitamin ve mineral eksikli\u011fi varsa takviye almak gerekecektir.<\/p>\n<h2 id=\"tw-target-text\" class=\"tw-data-text tw-text-large tw-ta\" dir=\"ltr\" data-placeholder=\"\u00c7eviri\"><span class=\"Y2IQFc\" lang=\"tr\">\u00c7ocuklarda Sa\u00e7 D\u00f6k\u00fclmesi Tedavisi<\/span><\/h2>\n<p>Elbette <strong><span style=\"color: #ff0000;\"><a style=\"color: #ff0000;\" href=\"https:\/\/westmodernclinic.com\/tr\/\" target=\"_blank\" rel=\"noopener\">Westmodern Clinic<\/a><\/span><\/strong>, \u00e7ocuklarda sa\u00e7 d\u00f6k\u00fclmesi sorununa belirli \u00e7\u00f6z\u00fcmler sunmaktad\u0131r. Ancak \u00f6ncelikle sa\u00e7 d\u00f6k\u00fclmesi sorununun kayna\u011f\u0131na inmek ve<strong><span style=\"color: #ff0000;\"> <a style=\"color: #ff0000;\" href=\"https:\/\/westmodernclinic.com\/tr\/sac-ekimi-dhi\/\" target=\"_blank\" rel=\"noopener\">sa\u00e7 ekimi<\/a><\/span><\/strong> tedavisine bu do\u011frultuda ba\u015flamak do\u011fru bir ad\u0131m olacakt\u0131r. Buna g\u00f6re sa\u00e7 d\u00f6k\u00fclmesi sorununa \u015fu \u00e7\u00f6z\u00fcmler \u00fcretilebilir:<\/p>\n<ul>\n<li>Sa\u00e7l\u0131 deride mantar enfeksiyonu varsa uygun ila\u00e7 tedavisine ba\u015flanmas\u0131 gerekecektir. Mantar enfeksiyonlar\u0131n\u0131 \u00f6nleyecek kremler ve sol\u00fcsyonlar sayesinde bu sorun tamamen ortadan kald\u0131r\u0131labilir.<\/li>\n<li>\u00c7ocuklarda sa\u00e7 d\u00f6k\u00fclmesi sorununun sa\u011fl\u0131kl\u0131 beslenme tarz\u0131n\u0131n benimsenmesi ile ortadan kalkt\u0131\u011f\u0131 bilinmektedir. Bunun i\u00e7in \u00f6ncelikle \u00e7ocukta vitamin ve mineral eksikli\u011fi olup olmad\u0131\u011f\u0131 kontrol edilmelidir.<\/li>\n<li>Psikolojik temele dayanan sa\u00e7 d\u00f6k\u00fclmesi sorununu ortadan kald\u0131rmak i\u00e7in hem psikolojik destek hem de t\u0131bbi destek almak gerekebilir.<\/li>\n<\/ul>\n","protected":false},"excerpt":{"rendered":"<p>\u00c7ocuklarda sa\u00e7 d\u00f6k\u00fclmesi nadir g\u00f6r\u00fclen bir durum olarak bilinse de asl\u0131nda \u00f6yle de\u011fildir. Sa\u00e7 d\u00f6k\u00fclmesi ve kellik gibi durumlar yeti\u015fkinlerde s\u0131k g\u00f6r\u00fcl\u00fcr. Ancak baz\u0131 \u00e7ocuklarda b\u00f6lgesel sa\u00e7 d\u00f6k\u00fclmesi gibi sorunlar ya\u015fanabilir. Bu durum \u00f6zellikle 5 ya\u015f\u0131ndan sonra ba\u015fka hastal\u0131klar\u0131n da&#8230;<\/p>\n","protected":false},"author":1,"featured_media":1347,"comment_status":"closed","ping_status":"closed","sticky":false,"template":"","format":"standard","meta":{"inline_featured_image":false,"footnotes":""},"categories":[4],"tags":[],"class_list":["post-1382","post","type-post","status-publish","format-standard","has-post-thumbnail","hentry","category-icerik"],"_links":{"self":[{"href":"https:\/\/westmodernclinic.com\/tr\/wp-json\/wp\/v2\/posts\/1382","targetHints":{"allow":["GET"]}}],"collection":[{"href":"https:\/\/westmodernclinic.com\/tr\/wp-json\/wp\/v2\/posts"}],"about":[{"href":"https:\/\/westmodernclinic.com\/tr\/wp-json\/wp\/v2\/types\/post"}],"author":[{"embeddable":true,"href":"https:\/\/westmodernclinic.com\/tr\/wp-json\/wp\/v2\/users\/1"}],"replies":[{"embeddable":true,"href":"https:\/\/westmodernclinic.com\/tr\/wp-json\/wp\/v2\/comments?post=1382"}],"version-history":[{"count":3,"href":"https:\/\/westmodernclinic.com\/tr\/wp-json\/wp\/v2\/posts\/1382\/revisions"}],"predecessor-version":[{"id":1686,"href":"https:\/\/westmodernclinic.com\/tr\/wp-json\/wp\/v2\/posts\/1382\/revisions\/1686"}],"wp:featuredmedia":[{"embeddable":true,"href":"https:\/\/westmodernclinic.com\/tr\/wp-json\/wp\/v2\/media\/1347"}],"wp:attachment":[{"href":"https:\/\/westmodernclinic.com\/tr\/wp-json\/wp\/v2\/media?parent=1382"}],"wp:term":[{"taxonomy":"category","embeddable":true,"href":"https:\/\/westmodernclinic.com\/tr\/wp-json\/wp\/v2\/categories?post=1382"},{"taxonomy":"post_tag","embeddable":true,"href":"https:\/\/westmodernclinic.com\/tr\/wp-json\/wp\/v2\/tags?post=1382"}],"curies":[{"name":"wp","href":"https:\/\/api.w.org\/{rel}","templated":true}]}}