{"id":1244,"date":"2023-03-13T09:00:29","date_gmt":"2023-03-13T09:00:29","guid":{"rendered":"https:\/\/westmodernclinic.com\/?p=1244"},"modified":"2023-05-31T10:01:34","modified_gmt":"2023-05-31T10:01:34","slug":"saclarin-tekrar-cikmasi-ne-kadar-surer","status":"publish","type":"post","link":"https:\/\/westmodernclinic.com\/tr\/saclarin-tekrar-cikmasi-ne-kadar-surer\/","title":{"rendered":"Sa\u00e7 Ekiminden Sonra Sa\u00e7lar\u0131n Tekrar \u00c7\u0131kmas\u0131 Ne Kadar S\u00fcrer?"},"content":{"rendered":"<p>\u201c<strong>Sa\u00e7lar\u0131n tekrar \u00e7\u0131kmas\u0131 ne kadar s\u00fcrer<\/strong>\u201d sorusuna birden fazla durumu g\u00f6z \u00f6n\u00fcnde bulundurarak farkl\u0131 cevaplar vermek m\u00fcmk\u00fcnd\u00fcr. Ancak WestModern Clinic&#8217;te en ba\u015far\u0131l\u0131 tedavilerimizden biri olan sa\u00e7 ekimi ile cevap vermek daha mant\u0131kl\u0131. Bir\u00e7ok hastam\u0131z sa\u00e7 ekimi tedavisinden sonra \u201csa\u00e7lar\u0131n tekrar \u00e7\u0131kmas\u0131 ne kadar s\u00fcrer\u201d diye soruyor.<\/p>\n<p>&#8220;<strong>Sa\u00e7lar\u0131n tekrar \u00e7\u0131kmas\u0131 ne kadar s\u00fcrer<\/strong>?&#8221; sorusunun cevab\u0131n\u0131 hasta deneyimlerimizden yola \u00e7\u0131karak verebiliriz.<\/p>\n<h2><span style=\"font-weight: 400;\">Sa\u00e7 Ektirdikten Sonra Sa\u00e7lar\u0131n Tekrar \u00c7\u0131kmas\u0131 Ne Kadar S\u00fcrer?<\/span><\/h2>\n<p>Sa\u00e7 d\u00f6k\u00fclmesinden sonra sa\u00e7lar\u0131n tekrar \u00e7\u0131kmas\u0131 ne kadar s\u00fcrer sorusuna sa\u00e7 ekimi tedavisi temelinde cevap vermek m\u00fcmk\u00fcnd\u00fcr. Sa\u00e7 ekimi, sa\u00e7 d\u00f6k\u00fclmesi ve kellik problemlerine kesin \u00e7\u00f6z\u00fcm getiren tekniklerden biridir. %95 ba\u015far\u0131 oran\u0131 ile uygulanan tedavide ama\u00e7 ki\u015finin kendi sa\u00e7\u0131ndan yeni sa\u00e7 ekmesidir.<\/p>\n<p>Dilerseniz \u201cT\u0131ra\u015ftan sonra sa\u00e7lar ne kadar s\u00fcrede \u00e7\u0131kar?\u201d gibi sorular\u0131n cevaplar\u0131na birlikte bakal\u0131m<\/p>\n<h3 id=\"tw-target-text\" class=\"tw-data-text tw-text-large tw-ta\" dir=\"ltr\" data-placeholder=\"\u00c7eviri\"><span class=\"Y2IQFc\" lang=\"tr\">1- Sa\u00e7 Ekimi Sonras\u0131<\/span><\/h3>\n<p>Sa\u00e7 b\u00fcy\u00fcmesi hakk\u0131nda genel bir kan\u0131ya varmak i\u00e7in hastalar\u0131m\u0131z\u0131n tedavi sonras\u0131 iyile\u015fme s\u00fcre\u00e7lerine bakmam\u0131z gerekir. Sa\u00e7 ekimi sonras\u0131 bak\u0131m ve iyile\u015fme s\u00fcrecine dikkat edilirse sa\u00e7lar k\u0131salabilir.<\/p>\n<p>Sa\u00e7 ekimi sonras\u0131nda uzman doktorunuzun tavsiyelerine %100 uyman\u0131z beklenir. \u00d6rne\u011fin operasyondan sonra ilk sa\u00e7 y\u0131kaman\u0131z\u0131 klinik ortam\u0131nda yapt\u0131rmaya \u00f6zen g\u00f6stermelisiniz. Ayr\u0131ca doktorunuzun tavsiyesi d\u0131\u015f\u0131nda herhangi bir sa\u00e7 bak\u0131m \u00fcr\u00fcn\u00fc kullanmamal\u0131s\u0131n\u0131z. Aksi halde sa\u00e7 ekimi i\u015flemi ba\u015far\u0131s\u0131z olabilir ve sa\u00e7lar\u0131n\u0131z uzayabilir.<\/p>\n<p><img loading=\"lazy\" decoding=\"async\" class=\"aligncenter size-full wp-image-1227\" src=\"https:\/\/westmodernclinic.com\/wp-content\/uploads\/2023\/03\/how-long-does-it-take-for-hair-to-grow-back-2-scaled.jpg\" alt=\"how-long-does-it-take-for-hair-to-grow-back\" width=\"2560\" height=\"1707\" srcset=\"https:\/\/westmodernclinic.com\/wp-content\/uploads\/2023\/03\/how-long-does-it-take-for-hair-to-grow-back-2-scaled.jpg 2560w, https:\/\/westmodernclinic.com\/wp-content\/uploads\/2023\/03\/how-long-does-it-take-for-hair-to-grow-back-2-300x200.jpg 300w, https:\/\/westmodernclinic.com\/wp-content\/uploads\/2023\/03\/how-long-does-it-take-for-hair-to-grow-back-2-1024x683.jpg 1024w, https:\/\/westmodernclinic.com\/wp-content\/uploads\/2023\/03\/how-long-does-it-take-for-hair-to-grow-back-2-768x512.jpg 768w, https:\/\/westmodernclinic.com\/wp-content\/uploads\/2023\/03\/how-long-does-it-take-for-hair-to-grow-back-2-1536x1024.jpg 1536w, https:\/\/westmodernclinic.com\/wp-content\/uploads\/2023\/03\/how-long-does-it-take-for-hair-to-grow-back-2-2048x1366.jpg 2048w\" sizes=\"auto, (max-width: 2560px) 100vw, 2560px\" \/><\/p>\n<div id=\"tw-target-text-container\" class=\"tw-ta-container F0azHf tw-nfl\" tabindex=\"0\">\n<h3 id=\"tw-target-text\" class=\"tw-data-text tw-text-large tw-ta\" dir=\"ltr\" data-placeholder=\"\u00c7eviri\"><span class=\"Y2IQFc\" lang=\"tr\">2- Sa\u00e7 Ekimi \u0130yile\u015fme S\u00fcresi<\/span><\/h3>\n<\/div>\n<p>Sa\u00e7 ekimi sonras\u0131 iyile\u015fme s\u00fcreci dikkat edilmesi gereken d\u00f6nemlerden biridir. Tedaviden sonraki ilk 1-2 hafta boyunca \u00f6dem, k\u0131zar\u0131kl\u0131k, a\u011fr\u0131 ve hafif kanama g\u00f6r\u00fclmesi m\u00fcmk\u00fcnd\u00fcr. Ancak t\u00fcm bu belirtiler ge\u00e7icidir ve ilk hafta i\u00e7inde tamamen ortadan kalkacakt\u0131r.<\/p>\n<p>Elbette sa\u00e7 ekimi i\u015fleminden hemen sonra sa\u00e7lar\u0131n\u0131z\u0131n \u00e7\u0131kmas\u0131n\u0131 beklememelisiniz. Bu t\u00fcr tedaviler s\u00fcre\u00e7 boyunca yay\u0131l\u0131r ve ancak 6-12 ay civar\u0131nda kesin sonu\u00e7 verebilir. Ancak ilk 2-3 ay i\u00e7erisinde yava\u015f yava\u015f tedavi sonu\u00e7lar\u0131n\u0131 g\u00f6rmeye ba\u015flayabilirsiniz. \u0130yile\u015fme d\u00f6neminde doktor tavsiyelerine uyarsan\u0131z s\u00fcreci h\u0131zland\u0131rabilirsiniz.<\/p>\n<h3 id=\"tw-target-text\" class=\"tw-data-text tw-text-large tw-ta\" dir=\"ltr\" data-placeholder=\"\u00c7eviri\"><span class=\"Y2IQFc\" lang=\"tr\">3- Sa\u00e7 Ekiminden Sonra Sa\u00e7lar\u0131n Tekrar \u00c7\u0131kmas\u0131 Ne Kadar S\u00fcrer?<\/span><\/h3>\n<p>Sa\u00e7 ekimi tedavisi sonras\u0131 sa\u00e7lar\u0131n \u00e7\u0131kma s\u00fcresi 2-12 ay aras\u0131nda de\u011fi\u015fmektedir. \u0130lk aylarda operasyonun etkisiyle sa\u00e7 d\u00f6k\u00fclmesi olur. Ancak bu tek seferlik bir sa\u00e7 d\u00f6k\u00fclmesi sorunudur ve her tedaviden sonra ortaya \u00e7\u0131kar.<\/p>\n<p>Operasyondan sonraki ilk 2-3 ay sa\u00e7lar\u0131n\u0131z yava\u015f uzayacakt\u0131r. Ancak bu d\u00f6nemde \u00e7\u0131kan sa\u00e7lar zay\u0131f ve genellikle incedir. \u0130lk 2-3 aydan sonra uzayan sa\u00e7lar\u0131n k\u00f6kleri g\u00fc\u00e7lenecek ve sa\u00e7 telleri kal\u0131nla\u015fmaya ba\u015flayacakt\u0131r.<\/p>\n<p>K\u0131sacas\u0131 operasyondan sonraki ilk 2-3 ay\u0131 sorunsuz ge\u00e7irirseniz sa\u00e7lar\u0131n\u0131z\u0131n \u00e7\u0131kmaya ba\u015flad\u0131\u011f\u0131n\u0131 g\u00f6rebilirsiniz. WestModern Clinic olarak, operasyon \u00f6ncesi ve sonras\u0131 ilerlemenizi her zaman takip edece\u011fiz. \u00d6zellikle ilk sa\u00e7 y\u0131kama i\u00e7in klini\u011fimize gelmenizi \u015fiddetle tavsiye ederiz. Ayr\u0131ca operasyondan sonra 2-3 ayda bir klini\u011fimizi ziyaret edebilir ve gerekli kontrolleri yapt\u0131rabilirsiniz.<\/p>\n<p><img loading=\"lazy\" decoding=\"async\" class=\"aligncenter size-full wp-image-1229\" src=\"https:\/\/westmodernclinic.com\/wp-content\/uploads\/2023\/03\/how-long-does-it-take-for-hair-to-grow-back-3-scaled.jpg\" alt=\"how-long-does-it-take-for-hair-to-grow-back\" width=\"2560\" height=\"1707\" srcset=\"https:\/\/westmodernclinic.com\/wp-content\/uploads\/2023\/03\/how-long-does-it-take-for-hair-to-grow-back-3-scaled.jpg 2560w, https:\/\/westmodernclinic.com\/wp-content\/uploads\/2023\/03\/how-long-does-it-take-for-hair-to-grow-back-3-300x200.jpg 300w, https:\/\/westmodernclinic.com\/wp-content\/uploads\/2023\/03\/how-long-does-it-take-for-hair-to-grow-back-3-1024x683.jpg 1024w, https:\/\/westmodernclinic.com\/wp-content\/uploads\/2023\/03\/how-long-does-it-take-for-hair-to-grow-back-3-768x512.jpg 768w, https:\/\/westmodernclinic.com\/wp-content\/uploads\/2023\/03\/how-long-does-it-take-for-hair-to-grow-back-3-1536x1024.jpg 1536w, https:\/\/westmodernclinic.com\/wp-content\/uploads\/2023\/03\/how-long-does-it-take-for-hair-to-grow-back-3-2048x1366.jpg 2048w\" sizes=\"auto, (max-width: 2560px) 100vw, 2560px\" \/><\/p>\n<h3 id=\"tw-target-text\" class=\"tw-data-text tw-text-large tw-ta\" dir=\"ltr\" data-placeholder=\"\u00c7eviri\"><span class=\"Y2IQFc\" lang=\"tr\">4- Sa\u00e7 Ekiminden 12 Ay Sonra \u00c7\u0131kan Sa\u00e7lar<\/span><\/h3>\n<p>Sa\u00e7 ekimi tedavisi sonras\u0131nda sa\u00e7lar\u0131n\u0131z\u0131n do\u011fal haline d\u00f6nmesi i\u00e7in 12 aya ihtiyac\u0131n\u0131z olabilir. Ancak bu s\u00fcre\u00e7 baz\u0131 hastalarda 6-12 ay aras\u0131nda farkl\u0131l\u0131k g\u00f6sterebilmektedir. Herkesin anatomisi farkl\u0131 oldu\u011fu i\u00e7in bu konuda kesin bir kan\u0131ya varmak imkans\u0131zd\u0131r.<\/p>\n<p>Ancak en ge\u00e7 12 ay sonra yeni sa\u00e7lar\u0131n\u0131za ideal bir yap\u0131da kavu\u015fman\u0131z m\u00fcmk\u00fcn. <span style=\"color: #ff0000;\"><strong><a style=\"color: #ff0000;\" href=\"https:\/\/westmodernclinic.com\/tr\/kadin-sac-ekimi\/\" target=\"_blank\" rel=\"noopener\">WestModern Clinic<\/a><\/strong><\/span>&#8216;te oldu\u011funuz t\u00fcm tedavilerde iyile\u015fme s\u00fcrecinizi sizinle birlikte takip ediyoruz. Sa\u00e7lar\u0131n tekrar \u00e7\u0131kmas\u0131 ne kadar s\u00fcrer? Diledi\u011finiz zaman bizimle ileti\u015fime ge\u00e7erek sa\u00e7 ekimi s\u00fcre\u00e7leri hakk\u0131nda bilgi alabilirsiniz.<\/p>\n","protected":false},"excerpt":{"rendered":"<p>\u201cSa\u00e7lar\u0131n tekrar \u00e7\u0131kmas\u0131 ne kadar s\u00fcrer\u201d sorusuna birden fazla durumu g\u00f6z \u00f6n\u00fcnde bulundurarak farkl\u0131 cevaplar vermek m\u00fcmk\u00fcnd\u00fcr. Ancak WestModern Clinic&#8217;te en ba\u015far\u0131l\u0131 tedavilerimizden biri olan sa\u00e7 ekimi ile cevap vermek daha mant\u0131kl\u0131. Bir\u00e7ok hastam\u0131z sa\u00e7 ekimi tedavisinden sonra \u201csa\u00e7lar\u0131n tekrar&#8230;<\/p>\n","protected":false},"author":1,"featured_media":1226,"comment_status":"closed","ping_status":"closed","sticky":false,"template":"","format":"standard","meta":{"inline_featured_image":false,"footnotes":""},"categories":[4],"tags":[],"class_list":["post-1244","post","type-post","status-publish","format-standard","has-post-thumbnail","hentry","category-icerik"],"_links":{"self":[{"href":"https:\/\/westmodernclinic.com\/tr\/wp-json\/wp\/v2\/posts\/1244","targetHints":{"allow":["GET"]}}],"collection":[{"href":"https:\/\/westmodernclinic.com\/tr\/wp-json\/wp\/v2\/posts"}],"about":[{"href":"https:\/\/westmodernclinic.com\/tr\/wp-json\/wp\/v2\/types\/post"}],"author":[{"embeddable":true,"href":"https:\/\/westmodernclinic.com\/tr\/wp-json\/wp\/v2\/users\/1"}],"replies":[{"embeddable":true,"href":"https:\/\/westmodernclinic.com\/tr\/wp-json\/wp\/v2\/comments?post=1244"}],"version-history":[{"count":3,"href":"https:\/\/westmodernclinic.com\/tr\/wp-json\/wp\/v2\/posts\/1244\/revisions"}],"predecessor-version":[{"id":1698,"href":"https:\/\/westmodernclinic.com\/tr\/wp-json\/wp\/v2\/posts\/1244\/revisions\/1698"}],"wp:featuredmedia":[{"embeddable":true,"href":"https:\/\/westmodernclinic.com\/tr\/wp-json\/wp\/v2\/media\/1226"}],"wp:attachment":[{"href":"https:\/\/westmodernclinic.com\/tr\/wp-json\/wp\/v2\/media?parent=1244"}],"wp:term":[{"taxonomy":"category","embeddable":true,"href":"https:\/\/westmodernclinic.com\/tr\/wp-json\/wp\/v2\/categories?post=1244"},{"taxonomy":"post_tag","embeddable":true,"href":"https:\/\/westmodernclinic.com\/tr\/wp-json\/wp\/v2\/tags?post=1244"}],"curies":[{"name":"wp","href":"https:\/\/api.w.org\/{rel}","templated":true}]}}