{"id":1241,"date":"2023-03-12T09:00:07","date_gmt":"2023-03-12T09:00:07","guid":{"rendered":"https:\/\/westmodernclinic.com\/?p=1241"},"modified":"2023-05-31T10:02:03","modified_gmt":"2023-05-31T10:02:03","slug":"sac-ekimi-iyilesme-sureci","status":"publish","type":"post","link":"https:\/\/westmodernclinic.com\/tr\/sac-ekimi-iyilesme-sureci\/","title":{"rendered":"Sa\u00e7 Ekimi \u0130yile\u015fme S\u00fcreci Nas\u0131ld\u0131r?"},"content":{"rendered":"<p><strong>Sa\u00e7 ekimi iyile\u015fme s\u00fcreci<\/strong> dikkat gerektiren ve tedavinin ba\u015far\u0131s\u0131n\u0131 etkileyen bir s\u00fcre\u00e7tir. Tedaviden sonra t\u00fcm hastalar kendilerine verilen tavsiyelere uymal\u0131d\u0131r. Sa\u00e7 ekimi tedavisi, sa\u00e7 d\u00f6k\u00fclmesi ve kellik sorunu i\u00e7in en etkili \u00e7\u00f6z\u00fcmlerden biridir. Bu ba\u015far\u0131y\u0131 olumsuz etkileyecek durumlardan ka\u00e7\u0131n\u0131n.<\/p>\n<p>Sa\u00e7 ekimi iyile\u015fme s\u00fcrecinde WestModern Clinic ile her zaman ileti\u015fim halinde olacaks\u0131n\u0131z. Ameliyattan sonra ilk sa\u00e7 y\u0131kama dahil di\u011fer t\u00fcm ameliyat sonras\u0131 i\u015flemler i\u00e7in klini\u011fimizi ziyaret edebilirsiniz.<\/p>\n<h2 id=\"tw-target-text\" class=\"tw-data-text tw-text-large tw-ta\" dir=\"ltr\" data-placeholder=\"\u00c7eviri\"><span class=\"Y2IQFc\" lang=\"tr\">Sa\u00e7 Ekimi \u0130yile\u015fme S\u00fcreci Nedir?<\/span><\/h2>\n<p>Hastalar\u0131m\u0131z bu s\u00fcre\u00e7te dikkatli olmal\u0131 ve ekim yap\u0131lan b\u00f6lgeyi korumal\u0131d\u0131r. Sa\u00e7 ekimi iyile\u015fmesi g\u00fcn g\u00fcn doktorunuz taraf\u0131ndan g\u00f6rsellerle sizlere anlat\u0131lmaktad\u0131r. B\u00f6ylece operasyon sonras\u0131 iyile\u015fme s\u00fcrecinde sizi neler bekledi\u011fi hakk\u0131nda fikir olu\u015fturmay\u0131 ama\u00e7lar.<\/p>\n<p><strong>Sa\u00e7 ekimi iyile\u015fme s\u00fcreci<\/strong> kapsam\u0131nda t\u00fcm hastalar\u0131m\u0131z\u0131 baz\u0131 genel durumlar beklemektedir. Ancak baz\u0131 insanlarda iyile\u015fme s\u00fcreci biraz farkl\u0131 olabilir.<\/p>\n<p>\u0130\u015fte <strong>sa\u00e7 ekimi sonras\u0131 iyile\u015fme a\u015famalar\u0131<\/strong> ve dikkat edilmesi gerekenler:<\/p>\n<p><img loading=\"lazy\" decoding=\"async\" class=\"aligncenter size-full wp-image-1217\" src=\"https:\/\/westmodernclinic.com\/wp-content\/uploads\/2023\/03\/hair-transplant-recovery-scaled.jpg\" alt=\"hair-transplant-recovery\" width=\"2560\" height=\"1707\" srcset=\"https:\/\/westmodernclinic.com\/wp-content\/uploads\/2023\/03\/hair-transplant-recovery-scaled.jpg 2560w, https:\/\/westmodernclinic.com\/wp-content\/uploads\/2023\/03\/hair-transplant-recovery-300x200.jpg 300w, https:\/\/westmodernclinic.com\/wp-content\/uploads\/2023\/03\/hair-transplant-recovery-1024x683.jpg 1024w, https:\/\/westmodernclinic.com\/wp-content\/uploads\/2023\/03\/hair-transplant-recovery-768x512.jpg 768w, https:\/\/westmodernclinic.com\/wp-content\/uploads\/2023\/03\/hair-transplant-recovery-1536x1024.jpg 1536w, https:\/\/westmodernclinic.com\/wp-content\/uploads\/2023\/03\/hair-transplant-recovery-2048x1365.jpg 2048w\" sizes=\"auto, (max-width: 2560px) 100vw, 2560px\" \/><\/p>\n<h3 id=\"tw-target-text\" class=\"tw-data-text tw-text-large tw-ta\" dir=\"ltr\" data-placeholder=\"\u00c7eviri\"><span class=\"Y2IQFc\" lang=\"tr\">1- Sa\u00e7 Ekimi \u0130lk 1-3 G\u00fcn<\/span><\/h3>\n<p>Sa\u00e7 ekimi tedavisi sonras\u0131nda ilk 24-48 saat aras\u0131nda al\u0131n ve burun b\u00f6lgesinde \u00f6dem olu\u015fur. Bu t\u00fcr komplikasyonlar genellikle bir\u00e7ok hastada g\u00f6r\u00fclen normal bir s\u00fcre\u00e7tir. Al\u0131n ya da burun b\u00f6lgesindeki \u00f6dem a\u011fr\u0131 yap\u0131yorsa o zaman uzman\u0131n\u0131z taraf\u0131ndan \u00f6nerilen a\u011fr\u0131 kesicileri kullanabilirsiniz.<\/p>\n<p>Ameliyattan sonraki ilk \u00fc\u00e7 g\u00fcn biraz a\u011fr\u0131l\u0131 olabilir. Ancak \u00fc\u00e7\u00fcnc\u00fc g\u00fcn\u00fcn sonunda \u00f6dem azalm\u0131\u015f ve iyile\u015fme s\u00fcreci tamamen ba\u015flam\u0131\u015f olacakt\u0131r.<\/p>\n<h3 id=\"tw-target-text\" class=\"tw-data-text tw-text-large tw-ta\" dir=\"ltr\" data-placeholder=\"\u00c7eviri\"><span class=\"Y2IQFc\" lang=\"tr\">2- Sa\u00e7 Ekimi \u0130yile\u015fme S\u00fcreci: 2-4 Hafta Sonra<\/span><\/h3>\n<p>Ameliyattan sonraki ilk iki hafta k\u0131zar\u0131kl\u0131k ve \u015fi\u015flik g\u00f6r\u00fclmesi normaldir. Ancak t\u00fcm bu belirtiler \u00e7ok \u015fiddetli olmayacakt\u0131r. \u00dc\u00e7\u00fcnc\u00fc haftan\u0131n sonunda \u015fi\u015flik ve k\u0131zar\u0131kl\u0131k tamamen kaybolmu\u015f olacakt\u0131r.<\/p>\n<p>\u0130yile\u015fmenin son a\u015famalar\u0131na ilk ayda ula\u015fmak m\u00fcmk\u00fcnd\u00fcr. \u0130yile\u015fme s\u00fcreci bitmek \u00fczeredir ve ekilen sa\u00e7 k\u00f6kleri yava\u015f yava\u015f \u00e7\u0131kacakt\u0131r.<\/p>\n<h3 id=\"tw-target-text\" class=\"tw-data-text tw-text-large tw-ta\" dir=\"ltr\" data-placeholder=\"\u00c7eviri\"><span class=\"Y2IQFc\" lang=\"tr\">3- Sa\u00e7 Ekimi \u0130yile\u015fme S\u00fcreci : 2-3 Ay Sonra<\/span><\/h3>\n<p>Operasyondan sonraki ilk iki ayda sa\u00e7lar \u00e7\u0131kmaya ba\u015flar. Sa\u00e7 zay\u0131f ve do\u011fal g\u00f6r\u00fcnmeyecektir. Bu d\u00f6nemde ince telli ve \u00e7abuk kopan sa\u00e7larla kar\u015f\u0131la\u015fmak m\u00fcmk\u00fcnd\u00fcr. Bu, aylar s\u00fcren sa\u00e7 b\u00fcy\u00fcmesinin yaln\u0131zca ilk a\u015famas\u0131d\u0131r.<\/p>\n<p>Sa\u00e7 ekimi tedavisinden sonra 3 ay sigara ve alkol t\u00fcketimini b\u0131rakmal\u0131s\u0131n\u0131z. Tedaviden en az bir hafta \u00f6nce sigara ve alkol t\u00fcketimini b\u0131rakm\u0131\u015f olman\u0131z beklenir. Aksi halde iyile\u015fme ve sa\u00e7 \u00e7\u0131kma s\u00fcreci sekteye u\u011frayabilir. Ayn\u0131 \u015fekilde ilk \u00fc\u00e7 ay sa\u00e7 derisine zarar veren aktivitelerden de ka\u00e7\u0131nmal\u0131s\u0131n\u0131z.<\/p>\n<p><img loading=\"lazy\" decoding=\"async\" class=\"aligncenter size-full wp-image-1219\" src=\"https:\/\/westmodernclinic.com\/wp-content\/uploads\/2023\/03\/hair-transplant-recovery-2-scaled.jpg\" alt=\"hair-transplant-recovery\" width=\"2560\" height=\"1707\" srcset=\"https:\/\/westmodernclinic.com\/wp-content\/uploads\/2023\/03\/hair-transplant-recovery-2-scaled.jpg 2560w, https:\/\/westmodernclinic.com\/wp-content\/uploads\/2023\/03\/hair-transplant-recovery-2-300x200.jpg 300w, https:\/\/westmodernclinic.com\/wp-content\/uploads\/2023\/03\/hair-transplant-recovery-2-1024x683.jpg 1024w, https:\/\/westmodernclinic.com\/wp-content\/uploads\/2023\/03\/hair-transplant-recovery-2-768x512.jpg 768w, https:\/\/westmodernclinic.com\/wp-content\/uploads\/2023\/03\/hair-transplant-recovery-2-1536x1024.jpg 1536w, https:\/\/westmodernclinic.com\/wp-content\/uploads\/2023\/03\/hair-transplant-recovery-2-2048x1366.jpg 2048w\" sizes=\"auto, (max-width: 2560px) 100vw, 2560px\" \/><\/p>\n<h3 id=\"tw-target-text\" class=\"tw-data-text tw-text-large tw-ta\" dir=\"ltr\" data-placeholder=\"\u00c7eviri\"><span class=\"Y2IQFc\" lang=\"tr\">4- Sa\u00e7 Ekimi: 6-12 Ay Sonra<\/span><\/h3>\n<p>Sa\u00e7 ekimi tedavisinden alt\u0131 ay sonra sa\u00e7lar\u0131n \u00e7\u0131kt\u0131\u011f\u0131 rahatl\u0131kla g\u00f6zlemlenebilir. Baz\u0131 hastalar\u0131m\u0131zda bu s\u00fcre\u00e7te de tam sa\u00e7 \u00e7\u0131k\u0131\u015f\u0131 g\u00f6zlenmi\u015ftir. Ancak sa\u00e7lar\u0131n do\u011fal g\u00f6r\u00fcn\u00fcm\u00fcne kavu\u015fmas\u0131 i\u00e7in tedavinin bir y\u0131lda tamamlanmas\u0131 idealdir. 12. aya gelindi\u011finde sa\u00e7lar tamamen uzar ve do\u011fal bir sa\u00e7 g\u00f6r\u00fcn\u00fcm\u00fcne kavu\u015fur.<\/p>\n<p>Sa\u00e7 ekimi tedavisi i\u00e7in ilk alt\u0131 ay ve bir y\u0131l \u00e7ok \u00f6nemlidir. Bu s\u00fcre\u00e7te hastalar\u0131m\u0131z\u0131n dikkatli olmas\u0131 gerekmektedir. Daha h\u0131zl\u0131 sonu\u00e7 almak ve tedavinin ba\u015far\u0131 oran\u0131n\u0131 art\u0131rmak i\u00e7in baz\u0131 detaylar\u0131n dikkate al\u0131nmas\u0131 gerekir<\/p>\n<h2 id=\"tw-target-text\" class=\"tw-data-text tw-text-large tw-ta\" dir=\"ltr\" data-placeholder=\"\u00c7eviri\"><span class=\"Y2IQFc\" lang=\"tr\">Sa\u00e7 Ekimi \u0130yile\u015fme S\u00fcrecinde Dikkat Edilmesi Gerekenler<\/span><\/h2>\n<p>Sa\u00e7 ekimi tedavisi sonras\u0131nda hastalar\u0131m\u0131z\u0131n baz\u0131 durumlara dikkat etmesi gerekmektedir. Tedavinin ba\u015far\u0131l\u0131 olmas\u0131, kaliteli ve konforlu bir iyile\u015fme s\u00fcreci i\u00e7in mutlaka uzman hekiminizin tavsiyelerine uymal\u0131s\u0131n\u0131z.<\/p>\n<p><strong><span style=\"color: #ff0000;\"><a style=\"color: #ff0000;\" href=\"https:\/\/westmodernclinic.com\/tr\/kadin-sac-ekimi\/\" target=\"_blank\" rel=\"noopener\">WestModern Clinic<\/a> <\/span><\/strong>olarak sa\u00e7 ekimi tedavisi sonras\u0131 hastalar\u0131m\u0131za sundu\u011fumuz \u00f6nerilerden baz\u0131lar\u0131 \u015funlard\u0131r:<\/p>\n<ul>\n<li>Tedaviden sonraki ilk \u00fc\u00e7 g\u00fcn a\u011f\u0131r fiziksel aktiviteden ka\u00e7\u0131n\u0131lmal\u0131d\u0131r. Ayn\u0131 \u015fekilde alkol, sigara ve kafeinli i\u00e7eceklere de ara vermek \u015fartt\u0131r.<\/li>\n<li>Sa\u00e7 ekimi yap\u0131lan b\u00f6lgenin korunmas\u0131 da \u00f6nemlidir. Bu b\u00f6lgeye \u00e7arpmamak gerekiyor.<\/li>\n<li>\u0130lk \u00fc\u00e7 g\u00fcn sa\u00e7l\u0131 deri g\u00fcne\u015f \u0131\u015f\u0131nlar\u0131yla direkt temas etmemelidir.<\/li>\n<li>Enfeksiyon riskini azaltmak i\u00e7in denizde veya havuzda y\u00fczmekten ka\u00e7\u0131nmak da \u00f6nemlidir.<\/li>\n<li>S\u0131cak veya so\u011fuk suyla du\u015f almak yerine \u0131l\u0131k suyla du\u015f almal\u0131s\u0131n\u0131z.<\/li>\n<\/ul>\n","protected":false},"excerpt":{"rendered":"<p>Sa\u00e7 ekimi iyile\u015fme s\u00fcreci dikkat gerektiren ve tedavinin ba\u015far\u0131s\u0131n\u0131 etkileyen bir s\u00fcre\u00e7tir. Tedaviden sonra t\u00fcm hastalar kendilerine verilen tavsiyelere uymal\u0131d\u0131r. Sa\u00e7 ekimi tedavisi, sa\u00e7 d\u00f6k\u00fclmesi ve kellik sorunu i\u00e7in en etkili \u00e7\u00f6z\u00fcmlerden biridir. Bu ba\u015far\u0131y\u0131 olumsuz etkileyecek durumlardan ka\u00e7\u0131n\u0131n. Sa\u00e7&#8230;<\/p>\n","protected":false},"author":1,"featured_media":1222,"comment_status":"closed","ping_status":"closed","sticky":false,"template":"","format":"standard","meta":{"inline_featured_image":false,"footnotes":""},"categories":[4],"tags":[],"class_list":["post-1241","post","type-post","status-publish","format-standard","has-post-thumbnail","hentry","category-icerik"],"_links":{"self":[{"href":"https:\/\/westmodernclinic.com\/tr\/wp-json\/wp\/v2\/posts\/1241","targetHints":{"allow":["GET"]}}],"collection":[{"href":"https:\/\/westmodernclinic.com\/tr\/wp-json\/wp\/v2\/posts"}],"about":[{"href":"https:\/\/westmodernclinic.com\/tr\/wp-json\/wp\/v2\/types\/post"}],"author":[{"embeddable":true,"href":"https:\/\/westmodernclinic.com\/tr\/wp-json\/wp\/v2\/users\/1"}],"replies":[{"embeddable":true,"href":"https:\/\/westmodernclinic.com\/tr\/wp-json\/wp\/v2\/comments?post=1241"}],"version-history":[{"count":3,"href":"https:\/\/westmodernclinic.com\/tr\/wp-json\/wp\/v2\/posts\/1241\/revisions"}],"predecessor-version":[{"id":1699,"href":"https:\/\/westmodernclinic.com\/tr\/wp-json\/wp\/v2\/posts\/1241\/revisions\/1699"}],"wp:featuredmedia":[{"embeddable":true,"href":"https:\/\/westmodernclinic.com\/tr\/wp-json\/wp\/v2\/media\/1222"}],"wp:attachment":[{"href":"https:\/\/westmodernclinic.com\/tr\/wp-json\/wp\/v2\/media?parent=1241"}],"wp:term":[{"taxonomy":"category","embeddable":true,"href":"https:\/\/westmodernclinic.com\/tr\/wp-json\/wp\/v2\/categories?post=1241"},{"taxonomy":"post_tag","embeddable":true,"href":"https:\/\/westmodernclinic.com\/tr\/wp-json\/wp\/v2\/tags?post=1241"}],"curies":[{"name":"wp","href":"https:\/\/api.w.org\/{rel}","templated":true}]}}